{"id":1,"date":"2018-01-02T11:57:55","date_gmt":"2018-01-02T09:57:55","guid":{"rendered":"http:\/\/www.achivoaie.ro\/?p=1"},"modified":"2018-05-18T14:51:17","modified_gmt":"2018-05-18T11:51:17","slug":"o-fantana","status":"publish","type":"post","link":"https:\/\/www.achivoaie.ro\/?p=1","title":{"rendered":"O f\u00e2nt\u00e2n\u0103"},"content":{"rendered":"<p>Clasele I-IV le-am f\u0103cut la \u015fcoala nr. 4, din Tise\u015fti, sat transformat \u00een cartier prin anii &#8217;60.<\/p>\n<p>Jumate din drum era pe str. F\u00e2nt\u00e2na cu ap\u0103 rece, drum de p\u0103m\u00e2nt, c\u0103lcat de vite \u015fi de c\u0103ru\u021be.<\/p>\n<p>Din fundu&#8217; gr\u0103dinii coboram \u00een albia unui p\u00e2r\u00e2u scurt de vreun kilometru, care se vars\u0103-n Trotu\u015f mai jos de gr\u0103dina spitalului \u015fi-avea sursa pe sub Poiana Scorlii, la deal, pe unde-\u015fi f\u0103cea nea Petcu st\u00e2n\u0103.\u00a0<span class=\"text_exposed_show\"><br \/>\n\u015ei pe unde aveam s\u0103 p\u0103zesc oi \u015fi capre, dar mai ales vaci, p\u00e2n\u0103 s\u0103 plec spre capital\u0103. De fapt a\u015fa se f\u0103ceau banii de medita\u021bii, mai pe \u015fleau.<br \/>\nNu de alea transcedentale, ci pentru a nu pica \u015fi anul \u00een curs, cam ca Goe.<\/span><\/p>\n<div class=\"text_exposed_show\">\n<p>De-a st\u00e2nga \u015fi de-a dreapta potecii \u00eempletit\u0103 cu firul de ap\u0103 ce-l s\u0103ream de c\u00e2teva ori erau salc\u00e2mi viguro\u015fi cu v\u00e2sc \u015fi liane sub\u021biri prin ei, pe sus. Prim\u0103vara o luau razna, cum zice \u015fi c\u00e2ntecul. Eu eram cuminte. \u015ei cu minte.<\/p>\n<p>Apa f\u0103cea st\u00e2nga, eu dreapta. D\u0103deam bine\u021be pe uli\u021b\u0103, c-a\u015fa-i frumos, mam\u0103.<\/p>\n<p>Pe m\u00e2na dreapt\u0103, din gr\u0103din\u0103 de la nea Petrea Dragulele, drepte \u015fi la vreo 25, 30 de metri \u00een\u0103l\u021bime &#8211; ni\u015fte st\u00e2nci &#8211; gresii de Kliwa pe care cuib\u0103reau ni\u015fte ciori, prin cr\u0103p\u0103turi.<br \/>\nLe-am cobor\u00e2t \u00een rapel peste c\u00e2\u021biva ani, iar de c\u0103\u021barat nu s-a pus problema, erau mult prea friabile.<br \/>\nO c\u0103rare urca \u015ferpuit \u00eenspre ele chiar de l\u00e2ng\u0103 f\u00e2nt\u00e2na cu ap\u0103 rece care d\u0103 \u015fi numele str\u0103zii.<\/p>\n<p>Peste drum era o c\u0103su\u021b\u0103 desprins\u0103 din pove\u015ftile acelor ani. O locuia o b\u0103tr\u00e2nic\u0103 creponat\u0103 cu basma pe cap, tot timpul. Cred&#8230;<\/p>\n<p>Tot drumul salutam, st\u00e2nga-dreapta, am mai zis. Pe Iftime, pe Dragulele, pe Curecheru, pe Berbece, pe Negri, Petcu apoi&#8230;\u015fi pac &#8211; ie\u015feam \u00een asfalt.<br \/>\nUnde continuam cealalt\u0103 jumate de drum, tot salut\u00e2nd.<br \/>\nNu era vreo corvoad\u0103, c\u0103 poate a\u015fa se \u00een\u021belege.<br \/>\nNea Toader \u00eemi mai d\u0103dea c\u00e2te 1 leu sau chiar 3. Uneori \u00eei sc\u0103pa \u015fi aluminiul de 5. Acceptam, ce s\u0103 fac, am stabilit c\u0103 eram reveren\u021bios.<\/p>\n<p>O tanti de pe st\u00e2nga \u00eemi d\u0103dea trandafiri s\u0103 duc la \u015fcoal\u0103, rup\u021bi atunci, sub ochii mei.<br \/>\nPe dreapta se i\u021bea biserica mic\u0103, din lemn, de pe la 1761. Cu cimitirul alungit spre deal, spre mesteceni.<br \/>\nIar pe st\u00e2nga, la Telegraf, s\u0103rind ni\u015fte praguri de st\u00e2nc\u0103 ca ni\u015fte biscui\u021bi, vuia Trotu\u015ful. Era un loc bun de baie, pentru cei mai ageri, c\u0103 dup\u0103 pragurile alea erau ni\u015fte bulboane serioase.<br \/>\nApoi ajungeam la \u015fcoala care mirosea \u00een fiecare diminea\u021b\u0103 a motorin\u0103 cu care se \u015ftergea pe holuri.<\/p>\n<p>Am ref\u0103cut traseul \u0103sta de care v\u0103 spui, ieri, p\u00e2n\u0103 la cimitir doar, unde i-am dat bine\u021be tatei.<\/p>\n<p>N-a zis nimic, e mai t\u0103cut acum de c\u00e2nd e miner.<br \/>\nA\u015fa glumea cu ochii uzi despre cunoscu\u021bi ce s-au \u015futit mai iute.<\/p>\n<p>Mi-au venit toate astea-n cap, a\u015fa, amestecate.<br \/>\nLe-am ordonat oleac\u0103 \u015fi iat\u0103, cam asta e.<\/p>\n<p>Iar peste drum de f\u00e2nt\u00e2n\u0103 nu mic\u0103 mi-a fost bucuria s\u0103 reg\u0103sesc c\u0103scioara, v\u0103ruit\u0103, \u00eengrijit\u0103.<\/p>\n<p>Iat-o:<\/p>\n<p><img loading=\"lazy\" class=\"aligncenter size-full wp-image-40\" src=\"http:\/\/www.achivoaie.ro\/wp-content\/uploads\/2016\/02\/casuta-o-fantana.jpg\" alt=\"\" width=\"714\" height=\"960\" srcset=\"https:\/\/www.achivoaie.ro\/wp-content\/uploads\/2016\/02\/casuta-o-fantana.jpg 714w, https:\/\/www.achivoaie.ro\/wp-content\/uploads\/2016\/02\/casuta-o-fantana-223x300.jpg 223w, https:\/\/www.achivoaie.ro\/wp-content\/uploads\/2016\/02\/casuta-o-fantana-100x134.jpg 100w\" sizes=\"(max-width: 714px) 100vw, 714px\" \/><\/p>\n<\/div>\n","protected":false},"excerpt":{"rendered":"<p>Clasele I-IV le-am f\u0103cut la \u015fcoala nr. 4, din Tise\u015fti, sat transformat \u00een cartier prin anii &#8217;60. Jumate din drum era pe str. F\u00e2nt\u00e2na cu ap\u0103 rece, drum de p\u0103m\u00e2nt, c\u0103lcat de vite \u015fi de c\u0103ru\u021be. Din fundu&#8217; gr\u0103dinii coboram \u00een albia unui p\u00e2r\u00e2u scurt de vreun kilometru, care se vars\u0103-n Trotu\u015f mai jos de gr\u0103dina spitalului \u015fi-avea sursa pe &#8230; <\/p>\n<div><a href=\"https:\/\/www.achivoaie.ro\/?p=1\" class=\"more-link\">Read More<\/a><\/div>\n","protected":false},"author":1,"featured_media":39,"comment_status":"open","ping_status":"open","sticky":false,"template":"","format":"standard","meta":[],"categories":[3],"tags":[],"_links":{"self":[{"href":"https:\/\/www.achivoaie.ro\/index.php?rest_route=\/wp\/v2\/posts\/1"}],"collection":[{"href":"https:\/\/www.achivoaie.ro\/index.php?rest_route=\/wp\/v2\/posts"}],"about":[{"href":"https:\/\/www.achivoaie.ro\/index.php?rest_route=\/wp\/v2\/types\/post"}],"author":[{"embeddable":true,"href":"https:\/\/www.achivoaie.ro\/index.php?rest_route=\/wp\/v2\/users\/1"}],"replies":[{"embeddable":true,"href":"https:\/\/www.achivoaie.ro\/index.php?rest_route=%2Fwp%2Fv2%2Fcomments&post=1"}],"version-history":[{"count":4,"href":"https:\/\/www.achivoaie.ro\/index.php?rest_route=\/wp\/v2\/posts\/1\/revisions"}],"predecessor-version":[{"id":41,"href":"https:\/\/www.achivoaie.ro\/index.php?rest_route=\/wp\/v2\/posts\/1\/revisions\/41"}],"wp:featuredmedia":[{"embeddable":true,"href":"https:\/\/www.achivoaie.ro\/index.php?rest_route=\/wp\/v2\/media\/39"}],"wp:attachment":[{"href":"https:\/\/www.achivoaie.ro\/index.php?rest_route=%2Fwp%2Fv2%2Fmedia&parent=1"}],"wp:term":[{"taxonomy":"category","embeddable":true,"href":"https:\/\/www.achivoaie.ro\/index.php?rest_route=%2Fwp%2Fv2%2Fcategories&post=1"},{"taxonomy":"post_tag","embeddable":true,"href":"https:\/\/www.achivoaie.ro\/index.php?rest_route=%2Fwp%2Fv2%2Ftags&post=1"}],"curies":[{"name":"wp","href":"https:\/\/api.w.org\/{rel}","templated":true}]}}