{"id":56,"date":"2018-02-16T15:16:46","date_gmt":"2018-02-16T13:16:46","guid":{"rendered":"http:\/\/www.achivoaie.ro\/?p=56"},"modified":"2018-05-18T15:18:51","modified_gmt":"2018-05-18T12:18:51","slug":"la-biserica","status":"publish","type":"post","link":"https:\/\/www.achivoaie.ro\/?p=56","title":{"rendered":"La biseric\u0103"},"content":{"rendered":"<p>Am fost azi pe la biseric\u0103, s-aprind o lum\u00e2nare, s\u0103 zic o rugaciune, ca omu&#8217; (nu-s cool, \u015ftiu. \u015ei l-am votat \u015fi pe Iliescu-n 2000).<\/p>\n<p>\u00cemi place s\u0103 trec mai ales c\u00e2nd sunt bine-n cap, c\u0103 de nu, m-apuc s\u0103 cer, s\u0103 judec, s\u0103 m\u0103 iau la har\u021b\u0103 cu \u015eefu&#8217;, s\u0103 pun \u00eentreb\u0103ri obraznice etc.<br \/>\nAzi nu-s.<br \/>\nTata zicea c\u0103 nu se duce la biseric\u0103 pentru &#8220;c\u0103-i plin de curve poc\u0103ite care stau cu curu&#8217;-n sus atunci c\u00e2nd bat m\u0103t\u0103nii&#8221;, \u015fi-i fuge mintea. \u015ei aia nu-i rug\u0103ciune&#8230;<span class=\"text_exposed_show\"><br \/>\nSt\u0103team \u00een r\u00e2nd, ca toat\u0103 lumea, la preotul b\u0103tr\u00e2n, \u00eencerc\u0103nat, cu privirea o\u021belit\u0103, care cite\u015fte cu r\u0103bdare h\u00e2rtiile ce vin de la oameni.<\/span><\/p>\n<div class=\"text_exposed_show\">\n<p>Mi-e drag de el, tare, \u015fi-i om \u00eencercat, acum pe final de mandat.<br \/>\nM-a \u00eenv\u0103\u021bat de toate, mi-a dat de m\u00e2ncare, m-a \u021binut prin \u015fcoal\u0103, mi-a dat bani de buzunar. M-a certat, m-a iubit &#8230;<br \/>\nLui i-a\u015f pupa m\u00e2na, da&#8217; nu m\u0103 las\u0103. \u015ei nici n-o treneaz\u0103 lent, ca al\u021bii, doar doar&#8230;<br \/>\nAsta-mi trecea prin cap, \u00een timp ce-i urm\u0103ream mi\u015fc\u0103rile ritmice, \u00eencete.<\/p>\n<p>\u00cen spatele meu, doi b\u0103ie\u021bi, cuplu, a\u015f zice, se tot organizau cu lum\u00e2n\u0103ri, acatiste&#8230;<br \/>\nI-a sunat telefonul unuia, mediu spre tare. A r\u0103spuns, ca s\u0103 nu ne deranjeze soneria. A l\u0103murit scurt ce-avea, sub ochii Maicii Domnului, a \u00eenchis&#8230;<br \/>\nA venit \u015fi r\u00e2ndul meu, mi-a citit, ne-am \u00eembr\u0103\u021bo\u015fat, am povestit oleac\u0103, am plecat.<\/p>\n<p>L-am auzit, peste um\u0103r, c\u0103tre cei doi..<br \/>\n&#8211; Hai, copii, a\u015feza\u021bi-v\u0103, s\u0103 v\u0103 citesc&#8230;<\/p>\n<\/div>\n","protected":false},"excerpt":{"rendered":"<p>Am fost azi pe la biseric\u0103, s-aprind o lum\u00e2nare, s\u0103 zic o rugaciune, ca omu&#8217; (nu-s cool, \u015ftiu. \u015ei l-am votat \u015fi pe Iliescu-n 2000). \u00cemi place s\u0103 trec mai ales c\u00e2nd sunt bine-n cap, c\u0103 de nu, m-apuc s\u0103 cer, s\u0103 judec, s\u0103 m\u0103 iau la har\u021b\u0103 cu \u015eefu&#8217;, s\u0103 pun \u00eentreb\u0103ri obraznice etc. Azi nu-s. Tata zicea c\u0103 &#8230; <\/p>\n<div><a href=\"https:\/\/www.achivoaie.ro\/?p=56\" class=\"more-link\">Read More<\/a><\/div>\n","protected":false},"author":1,"featured_media":57,"comment_status":"closed","ping_status":"open","sticky":false,"template":"","format":"standard","meta":[],"categories":[1],"tags":[],"_links":{"self":[{"href":"https:\/\/www.achivoaie.ro\/index.php?rest_route=\/wp\/v2\/posts\/56"}],"collection":[{"href":"https:\/\/www.achivoaie.ro\/index.php?rest_route=\/wp\/v2\/posts"}],"about":[{"href":"https:\/\/www.achivoaie.ro\/index.php?rest_route=\/wp\/v2\/types\/post"}],"author":[{"embeddable":true,"href":"https:\/\/www.achivoaie.ro\/index.php?rest_route=\/wp\/v2\/users\/1"}],"replies":[{"embeddable":true,"href":"https:\/\/www.achivoaie.ro\/index.php?rest_route=%2Fwp%2Fv2%2Fcomments&post=56"}],"version-history":[{"count":2,"href":"https:\/\/www.achivoaie.ro\/index.php?rest_route=\/wp\/v2\/posts\/56\/revisions"}],"predecessor-version":[{"id":59,"href":"https:\/\/www.achivoaie.ro\/index.php?rest_route=\/wp\/v2\/posts\/56\/revisions\/59"}],"wp:featuredmedia":[{"embeddable":true,"href":"https:\/\/www.achivoaie.ro\/index.php?rest_route=\/wp\/v2\/media\/57"}],"wp:attachment":[{"href":"https:\/\/www.achivoaie.ro\/index.php?rest_route=%2Fwp%2Fv2%2Fmedia&parent=56"}],"wp:term":[{"taxonomy":"category","embeddable":true,"href":"https:\/\/www.achivoaie.ro\/index.php?rest_route=%2Fwp%2Fv2%2Fcategories&post=56"},{"taxonomy":"post_tag","embeddable":true,"href":"https:\/\/www.achivoaie.ro\/index.php?rest_route=%2Fwp%2Fv2%2Ftags&post=56"}],"curies":[{"name":"wp","href":"https:\/\/api.w.org\/{rel}","templated":true}]}}